{"id":444,"date":"2019-03-21T03:13:01","date_gmt":"2019-03-21T02:13:01","guid":{"rendered":"https:\/\/conscanton.esteri.it\/news\/dal_consolato\/2019\/03\/design-and-the-city-of-the-future\/"},"modified":"2019-03-21T03:13:01","modified_gmt":"2019-03-21T02:13:01","slug":"design-and-the-city-of-the-future","status":"publish","type":"post","link":"https:\/\/conscanton.esteri.it\/it\/news\/dal_consolato\/2019\/03\/design-and-the-city-of-the-future\/","title":{"rendered":"DESIGN AND THE CITY OF THE FUTURE"},"content":{"rendered":"<p style=\"text-align: justify;\">Il 18 marzo si e\u2019 svolta a Shenzhen la terza edizione della Giornata del Design italiano nel mondo (Italian Design Day). Shenzhen, citt\u00e0 creativa dell&#8217;UNESCO per il design, \u00e8 il luogo ideale per discutere di &#8220;Design e la citt\u00e0 del futuro&#8221; essendo essa stessa la citt\u00e0 del futuro nel presente. Quest&#8217;anno l&#8217;Ambasciatore del design italiano nella Greater Bay Area \u00e8 stato l\u2019Architetto Carlo Ratti, Professore al Mit di Boston dove dirige il Senseable City Lab, rinomato a livello internazionale per i suoi studi sulle citt\u00e0 sostenibili e intelligenti. Ratti \u00e8 inoltre uno dei principali curatori della prossima Biennale di Shenzhen su Urbanism  Architecture. Nella sua presentazione principale, incentrata su come le nuove tecnologie stanno cambiando il modo in cui comprendiamo, progettiamo e in definitiva viviamo le nostre citt\u00e0, il Prof. Ratti ha sottolineato come la citt\u00e0 del futuro non debba essere concepita come una citt\u00e0 arida e informatizzata, ma si stia muovendo verso il concetto di una citt\u00e0 sensibile. \u00c8 quindi meglio parlare di SENSIBLE CITY. Internet ha ridefinito i modi in cui viviamo lo spazio, ci incontriamo e trascorriamo il tempo insieme, e questi cambiamenti sono profondi, la tecnologia si sta ritirando lentamente sullo sfondo delle nostre vite e al centro c&#8217;\u00e8 di nuovo l&#8217;essere umano in uno spazio capace di percepire, rispondere e adattarsi ai bisogni di ogni individuo. Il discorso \u00e8 stato seguito da una tavola rotonda con gli interlocutori cinesi (prof Wu Jiahua e prof Ni Yang) che hanno sottolineato come la citt\u00e0 debba rispettare la cultura del luogo: deve essere la NOSTRA citt\u00e0, LA MIA citt\u00e0.<\/p>\n","protected":false},"excerpt":{"rendered":"Il 18 marzo si e\u2019 svolta a Shenzhen la terza edizione della Giornata del Design italiano nel mondo (Italian Design Day). Shenzhen, citt\u00e0 creativa dell&#8217;UNESCO per il design, \u00e8 il luogo ideale per discutere di &#8220;Design e la citt\u00e0 del futuro&#8221; essendo essa stessa la citt\u00e0 del futuro nel presente. Quest&#8217;anno l&#8217;Ambasciatore del design italiano [&hellip;]","protected":false},"author":1,"featured_media":0,"comment_status":"","ping_status":"","sticky":false,"template":"","format":"standard","meta":{"footnotes":""},"tags":[],"class_list":["post-444","post","type-post","status-publish","format-standard","hentry"],"_links":{"self":[{"href":"https:\/\/conscanton.esteri.it\/it\/wp-json\/wp\/v2\/posts\/444","targetHints":{"allow":["GET"]}}],"collection":[{"href":"https:\/\/conscanton.esteri.it\/it\/wp-json\/wp\/v2\/posts"}],"about":[{"href":"https:\/\/conscanton.esteri.it\/it\/wp-json\/wp\/v2\/types\/post"}],"author":[{"embeddable":true,"href":"https:\/\/conscanton.esteri.it\/it\/wp-json\/wp\/v2\/users\/1"}],"replies":[{"embeddable":true,"href":"https:\/\/conscanton.esteri.it\/it\/wp-json\/wp\/v2\/comments?post=444"}],"version-history":[{"count":0,"href":"https:\/\/conscanton.esteri.it\/it\/wp-json\/wp\/v2\/posts\/444\/revisions"}],"wp:attachment":[{"href":"https:\/\/conscanton.esteri.it\/it\/wp-json\/wp\/v2\/media?parent=444"}],"wp:term":[{"taxonomy":"post_tag","embeddable":true,"href":"https:\/\/conscanton.esteri.it\/it\/wp-json\/wp\/v2\/tags?post=444"}],"curies":[{"name":"wp","href":"https:\/\/api.w.org\/{rel}","templated":true}]}}