{"id":441,"date":"2019-04-01T08:09:34","date_gmt":"2019-04-01T06:09:34","guid":{"rendered":"https:\/\/conscanton.esteri.it\/news\/dal_consolato\/2019\/04\/italia-al-boao-forum-for-asia\/"},"modified":"2019-04-01T08:09:34","modified_gmt":"2019-04-01T06:09:34","slug":"italia-al-boao-forum-for-asia","status":"publish","type":"post","link":"https:\/\/conscanton.esteri.it\/it\/news\/dal_consolato\/2019\/04\/italia-al-boao-forum-for-asia\/","title":{"rendered":"ITALIA AL BOAO FORUM FOR ASIA"},"content":{"rendered":"<p style=\"text-align: center;\"><img decoding=\"async\" alt=\"boao\" src=\"resource\/img\/2019\/04\/boao.jpg\" \/><\/p>\n<p style=\"text-align: justify;\">Il ministro dell&#8217;Economia e delle Finanze Giovanni Tria e il sottosegretario allo Sviluppo Economico Michele Geraci hanno partecipato dal 36 al 29 marzo alla conferenza annuale del Boao Forum for Asia 2019 (BFA AC2019), la Davos asiatica, a distanza di pochi giorni dopo la visita ufficiale del Presidente Xi Jinping in Italia. Tra pi\u00f9 di 2000 delegati, la delegazione italiana \u00e8 stata la pi\u00f9 consistente.<\/p>\n<p style=\"text-align: justify;\">Oltre al ministro Giovanni Tria e al sottosegretario Michele Geraci, era presente l&#8217;ex presidente del consiglio italiano Romano Prodi, che dal 2018 \u00e8 l&#8217;unico membro europeo del consiglio di amministrazione del Forum. Oltre ai delegati istituzionali, grazie al Forum Ambrosetti che ha coordinato la delegazione italiana, hanno partecipato anche rappresentanti della comunit\u00e0 imprenditoriale italiana come Banca Intesa Sanpaolo, Candy Hoover Group, Fincantieri e il gruppo The European House &#8211; Ambrosetti.<\/p>\n<p style=\"text-align: justify;\">Il tema di quest&#8217;anno \u201cShared Future, Concerted Action, Common Development\u201d si \u00e8 sviluppato in sessioni raggruppate in cinque moduli, in cui sono stati trattati argomenti quali l&#8217;economia mondiale aperta e lo sviluppo innovativo. E&#8217; intervenuto al Forum anche il primo ministro cinese, Li Keqiang, sottolineando che &#8220;siamo tutti sulla stessa barca e sono necessarie consultazioni per azioni concertate. La Cina \u00e8 a favore di un commercio libero, aperto ed equo. La nuova legge sugli investimenti esteri mira a creare un ambiente pi\u00f9 aperto e trasparente.&#8221;<\/p>\n","protected":false},"excerpt":{"rendered":"Il ministro dell&#8217;Economia e delle Finanze Giovanni Tria e il sottosegretario allo Sviluppo Economico Michele Geraci hanno partecipato dal 36 al 29 marzo alla conferenza annuale del Boao Forum for Asia 2019 (BFA AC2019), la Davos asiatica, a distanza di pochi giorni dopo la visita ufficiale del Presidente Xi Jinping in Italia. Tra pi\u00f9 di [&hellip;]","protected":false},"author":1,"featured_media":0,"comment_status":"","ping_status":"","sticky":false,"template":"","format":"standard","meta":{"footnotes":""},"tags":[],"class_list":["post-441","post","type-post","status-publish","format-standard","hentry"],"_links":{"self":[{"href":"https:\/\/conscanton.esteri.it\/it\/wp-json\/wp\/v2\/posts\/441","targetHints":{"allow":["GET"]}}],"collection":[{"href":"https:\/\/conscanton.esteri.it\/it\/wp-json\/wp\/v2\/posts"}],"about":[{"href":"https:\/\/conscanton.esteri.it\/it\/wp-json\/wp\/v2\/types\/post"}],"author":[{"embeddable":true,"href":"https:\/\/conscanton.esteri.it\/it\/wp-json\/wp\/v2\/users\/1"}],"replies":[{"embeddable":true,"href":"https:\/\/conscanton.esteri.it\/it\/wp-json\/wp\/v2\/comments?post=441"}],"version-history":[{"count":0,"href":"https:\/\/conscanton.esteri.it\/it\/wp-json\/wp\/v2\/posts\/441\/revisions"}],"wp:attachment":[{"href":"https:\/\/conscanton.esteri.it\/it\/wp-json\/wp\/v2\/media?parent=441"}],"wp:term":[{"taxonomy":"post_tag","embeddable":true,"href":"https:\/\/conscanton.esteri.it\/it\/wp-json\/wp\/v2\/tags?post=441"}],"curies":[{"name":"wp","href":"https:\/\/api.w.org\/{rel}","templated":true}]}}