{"id":417,"date":"2019-11-20T04:03:29","date_gmt":"2019-11-20T03:03:29","guid":{"rendered":"https:\/\/conscanton.esteri.it\/news\/dal_consolato\/2019\/11\/la-farnesina-sostiene-le-iniziative\/"},"modified":"2019-11-20T04:03:29","modified_gmt":"2019-11-20T03:03:29","slug":"la-farnesina-sostiene-le-iniziative","status":"publish","type":"post","link":"https:\/\/conscanton.esteri.it\/it\/news\/dal_consolato\/2019\/11\/la-farnesina-sostiene-le-iniziative\/","title":{"rendered":"LA FARNESINA SOSTIENE LE INIZIATIVE DI SOLIDARIET\u00c0 AVVIATE PER VENEZIA"},"content":{"rendered":"<p>La Farnesina ha deciso di sostenere le iniziative di solidariet\u00e0 che saranno avviate a favore della popolazione e del patrimonio artistico e culturale della citt\u00e0 di Venezia, aderendo alla raccolta di fondi promossa dal Sindaco Luigi Brugnaro.<\/p>\n<p><a href=\"https:\/\/www.esteri.it\/mae\/en\/sala_stampa\/archivionotizie\/approfondimenti\/la-farnesina-sostiene-le-iniziative-di-solidarieta-avviate-per-venezia_0.html\">Link per avere maggiori infomazioni<\/a><\/p>\n","protected":false},"excerpt":{"rendered":"La Farnesina ha deciso di sostenere le iniziative di solidariet\u00e0 che saranno avviate a favore della popolazione e del patrimonio artistico e culturale della citt\u00e0 di Venezia, aderendo alla raccolta di fondi promossa dal Sindaco Luigi Brugnaro. Link per avere maggiori infomazioni","protected":false},"author":1,"featured_media":0,"comment_status":"","ping_status":"","sticky":false,"template":"","format":"standard","meta":{"footnotes":""},"tags":[],"class_list":["post-417","post","type-post","status-publish","format-standard","hentry"],"_links":{"self":[{"href":"https:\/\/conscanton.esteri.it\/it\/wp-json\/wp\/v2\/posts\/417","targetHints":{"allow":["GET"]}}],"collection":[{"href":"https:\/\/conscanton.esteri.it\/it\/wp-json\/wp\/v2\/posts"}],"about":[{"href":"https:\/\/conscanton.esteri.it\/it\/wp-json\/wp\/v2\/types\/post"}],"author":[{"embeddable":true,"href":"https:\/\/conscanton.esteri.it\/it\/wp-json\/wp\/v2\/users\/1"}],"replies":[{"embeddable":true,"href":"https:\/\/conscanton.esteri.it\/it\/wp-json\/wp\/v2\/comments?post=417"}],"version-history":[{"count":0,"href":"https:\/\/conscanton.esteri.it\/it\/wp-json\/wp\/v2\/posts\/417\/revisions"}],"wp:attachment":[{"href":"https:\/\/conscanton.esteri.it\/it\/wp-json\/wp\/v2\/media?parent=417"}],"wp:term":[{"taxonomy":"post_tag","embeddable":true,"href":"https:\/\/conscanton.esteri.it\/it\/wp-json\/wp\/v2\/tags?post=417"}],"curies":[{"name":"wp","href":"https:\/\/api.w.org\/{rel}","templated":true}]}}