{"id":314,"date":"2023-02-27T07:09:21","date_gmt":"2023-02-27T06:09:21","guid":{"rendered":"https:\/\/conscanton.esteri.it\/news\/dal_consolato\/2023\/02\/arte-inaugurazione-della-mostra\/"},"modified":"2023-10-02T08:08:11","modified_gmt":"2023-10-02T06:08:11","slug":"arte-inaugurazione-della-mostra","status":"publish","type":"post","link":"https:\/\/conscanton.esteri.it\/it\/news\/dal_consolato\/2023\/02\/arte-inaugurazione-della-mostra\/","title":{"rendered":"ARTE | Inaugurazione della Mostra \u201cGiorgio Morandi\u201d presso il Dafen Art Museum di Shenzhen"},"content":{"rendered":"<p>E&#8217; stata inaugurata il 25 febbraio la mostra \u2018Giorgio Morandi\u2019 presso il Dafen Art Museum di Shenzhen. Realizzata con il sostegno del Consolato Generale d&#8217;Italia a Canton e organizzata da MondoMostre, la mostra del grande Maestro italiano del Novecento \u00e8 stata scelta dalla prestigiosa istituzione culturale di Shenzhen per celebrare la riapertura dello storico complesso museale.<\/p>\n<p>La mostra \u00e8 composta da quarantasei opere, che includono pitture, disegni ed incisioni del Maestro Morandi ed offre una preziosa opportunit\u00e0 ai visitatori locali e agli amanti dell&#8217;arte di apprezzare la collezione del grande artista bolognese, particolarmente amato in Cina.<\/p>\n<p>Alla cerimonia di inaugurazione, accanto alle Autorit\u00e0 municipali, il Console Generale d\u2019Italia a Canton, Valerio De Parolis che ha affermato<em> \u201cE\u2019 un grande onore sapere che uno dei pi\u00f9 grandi Maestri italiani del Novecento sia stato scelto per inaugurare la riapertura del Museo d\u2019Arte di Dafen, sede di antichi laboratori pittorici e luogo di congiunzione tra tradizione ed innovazione. La mostra, perfetto esempio di diplomazia culturale, consentir\u00e0 di far conoscere ancora pi\u00f9 da vicino le opere e la vita del grande artista contemporaneo italiano nel sud della Cina ed \u00e8 una splendida opportunit\u00e0 per approfondire il gi\u00e0 solidissimo legame culturale tra l&#8217;Italia e il Guangdong\u201d<\/em>.<\/p>\n<p>Quella inaugurata presso il Dafen Art Museum \u00e8 la seconda tappa del progetto dedicato al Maestro bolognese in Cina gi\u00e0 ospitato presso lo Jiushi Museum di Shanghai nel 2022. L\u2019esposizione sar\u00e0 aperta al pubblico fino al 28 marzo 2023.<\/p>\n","protected":false},"excerpt":{"rendered":"E&#8217; stata inaugurata il 25 febbraio la mostra \u2018Giorgio Morandi\u2019 presso il Dafen Art Museum di Shenzhen. Realizzata con il sostegno del Consolato Generale d&#8217;Italia a Canton e organizzata da MondoMostre, la mostra del grande Maestro italiano del Novecento \u00e8 stata scelta dalla prestigiosa istituzione culturale di Shenzhen per celebrare la riapertura dello storico complesso [&hellip;]","protected":false},"author":1,"featured_media":0,"comment_status":"closed","ping_status":"closed","sticky":false,"template":"","format":"standard","meta":{"footnotes":""},"tags":[],"class_list":["post-314","post","type-post","status-publish","format-standard","hentry"],"_links":{"self":[{"href":"https:\/\/conscanton.esteri.it\/it\/wp-json\/wp\/v2\/posts\/314","targetHints":{"allow":["GET"]}}],"collection":[{"href":"https:\/\/conscanton.esteri.it\/it\/wp-json\/wp\/v2\/posts"}],"about":[{"href":"https:\/\/conscanton.esteri.it\/it\/wp-json\/wp\/v2\/types\/post"}],"author":[{"embeddable":true,"href":"https:\/\/conscanton.esteri.it\/it\/wp-json\/wp\/v2\/users\/1"}],"replies":[{"embeddable":true,"href":"https:\/\/conscanton.esteri.it\/it\/wp-json\/wp\/v2\/comments?post=314"}],"version-history":[{"count":1,"href":"https:\/\/conscanton.esteri.it\/it\/wp-json\/wp\/v2\/posts\/314\/revisions"}],"predecessor-version":[{"id":770,"href":"https:\/\/conscanton.esteri.it\/it\/wp-json\/wp\/v2\/posts\/314\/revisions\/770"}],"wp:attachment":[{"href":"https:\/\/conscanton.esteri.it\/it\/wp-json\/wp\/v2\/media?parent=314"}],"wp:term":[{"taxonomy":"post_tag","embeddable":true,"href":"https:\/\/conscanton.esteri.it\/it\/wp-json\/wp\/v2\/tags?post=314"}],"curies":[{"name":"wp","href":"https:\/\/api.w.org\/{rel}","templated":true}]}}