{"id":2030,"date":"2024-12-03T08:20:18","date_gmt":"2024-12-03T07:20:18","guid":{"rendered":"https:\/\/conscanton.esteri.it\/?p=2030"},"modified":"2024-12-03T08:20:18","modified_gmt":"2024-12-03T07:20:18","slug":"giornata-internazionale-delle-persone-con-disabilita","status":"publish","type":"post","link":"https:\/\/conscanton.esteri.it\/it\/news\/dal_consolato\/2024\/12\/giornata-internazionale-delle-persone-con-disabilita\/","title":{"rendered":"Giornata Internazionale delle Persone con Disabilit\u00e0"},"content":{"rendered":"<p>Ricorre oggi 3 dicembre la Giornata Internazionale delle Persone con Disabilit\u00e0 (IDPD), istituita dall\u2019ONU nel 1992.<\/p>\n<p>Dal tema &#8220;Amplificare la leadership delle persone con disabilit\u00e0 per un futuro inclusivo e sostenibile&#8221;, la giornata mira quest\u2019anno a promuovere i diritti ed il benessere delle persone con disabilit\u00e0 a tutti i livelli della societ\u00e0, riconoscendo la centralit\u00e0 del ruolo che le persone con disabilit\u00e0 svolgono nella creazione di un mondo pi\u00f9 inclusivo e sostenibile e celebrandone i successi raggiunti.<\/p>\n<p>Le paralimpiadi ne sono un simbolo straordinario: atleti che, con determinazione e talento, ridefiniscono cosa sia possibile ispirando il mondo intero.<\/p>\n<p>L\u2019Italia, con i suoi traguardi eccezionali nelle ultime edizioni, continua a distinguersi non solo per il numero di medaglie conquistate, ma anche per il messaggio di resilienza, passione e spirito di squadra degli atleti, dimostrando che lo sport \u00e8 un potente strumento di integrazione e crescita collettiva.<\/p>\n<p>Il tema della Giornata Internazionale delle Persone con Disabilit\u00e0 2024 si inserisce nel quadro internazionale del Patto per il Futuro e del Summit Mondiale per lo Sviluppo Sociale del 2025 verso la realizzazione dell\u2019Agenda 2030 dell\u2019ONU.<\/p>\n","protected":false},"excerpt":{"rendered":"Ricorre oggi 3 dicembre la Giornata Internazionale delle Persone con Disabilit\u00e0 (IDPD), istituita dall\u2019ONU nel 1992. Dal tema &#8220;Amplificare la leadership delle persone con disabilit\u00e0 per un futuro inclusivo e sostenibile&#8221;, la giornata mira quest\u2019anno a promuovere i diritti ed il benessere delle persone con disabilit\u00e0 a tutti i livelli della societ\u00e0, riconoscendo la centralit\u00e0 [&hellip;]","protected":false},"author":13,"featured_media":2033,"comment_status":"closed","ping_status":"closed","sticky":false,"template":"","format":"standard","meta":{"footnotes":""},"tags":[],"class_list":["post-2030","post","type-post","status-publish","format-standard","has-post-thumbnail","hentry"],"_links":{"self":[{"href":"https:\/\/conscanton.esteri.it\/it\/wp-json\/wp\/v2\/posts\/2030","targetHints":{"allow":["GET"]}}],"collection":[{"href":"https:\/\/conscanton.esteri.it\/it\/wp-json\/wp\/v2\/posts"}],"about":[{"href":"https:\/\/conscanton.esteri.it\/it\/wp-json\/wp\/v2\/types\/post"}],"author":[{"embeddable":true,"href":"https:\/\/conscanton.esteri.it\/it\/wp-json\/wp\/v2\/users\/13"}],"replies":[{"embeddable":true,"href":"https:\/\/conscanton.esteri.it\/it\/wp-json\/wp\/v2\/comments?post=2030"}],"version-history":[{"count":1,"href":"https:\/\/conscanton.esteri.it\/it\/wp-json\/wp\/v2\/posts\/2030\/revisions"}],"predecessor-version":[{"id":2038,"href":"https:\/\/conscanton.esteri.it\/it\/wp-json\/wp\/v2\/posts\/2030\/revisions\/2038"}],"wp:featuredmedia":[{"embeddable":true,"href":"https:\/\/conscanton.esteri.it\/it\/wp-json\/wp\/v2\/media\/2033"}],"wp:attachment":[{"href":"https:\/\/conscanton.esteri.it\/it\/wp-json\/wp\/v2\/media?parent=2030"}],"wp:term":[{"taxonomy":"post_tag","embeddable":true,"href":"https:\/\/conscanton.esteri.it\/it\/wp-json\/wp\/v2\/tags?post=2030"}],"curies":[{"name":"wp","href":"https:\/\/api.w.org\/{rel}","templated":true}]}}