{"id":1850,"date":"2024-11-19T09:02:49","date_gmt":"2024-11-19T08:02:49","guid":{"rendered":"https:\/\/conscanton.esteri.it\/?p=1850"},"modified":"2024-11-20T02:20:20","modified_gmt":"2024-11-20T01:20:20","slug":"ix-settimana-della-cucina-italiana-nel-mondo-evento-di-presentazione-alla-farnesina-in-diretta-streaming","status":"publish","type":"post","link":"https:\/\/conscanton.esteri.it\/it\/news\/dal_consolato\/2024\/11\/ix-settimana-della-cucina-italiana-nel-mondo-evento-di-presentazione-alla-farnesina-in-diretta-streaming\/","title":{"rendered":"IX Settimana della Cucina Italiana nel Mondo. Evento di presentazione alla Farnesina in diretta streaming"},"content":{"rendered":"<p>Anche Canton ha dato il via alla IX Settimana della Cucina Italiana nel Mondo, lo scorso 16 novembre, con il Convivio dell\u2019Accademica Italiana della Cucina presso il ristorante italiano \u2018Oggi Trattoria\u2019.<\/p>\n<p>La rassegna di quest\u2019anno \u00e8 dedicata al tema \u201cDieta Mediterranea e Cucina delle Radici: Salute e Tradizione\u201d, per promuovere la cultura dell\u2019alimentazione italiana e della dieta mediterranea come modello alimentare per uno stile di vita sano e sostenibile.<\/p>\n<p>La cerimonia di presentazione della SCIM2024 si terr\u00e0 oggi, marted\u00ec 19 novembre, alle ore 16:30 (ora italiana) e sar\u00e0 co-presieduta dall\u2019 On. Vice Presidente del Consiglio e Ministro degli Affari Esteri e della Cooperazione Internazionale, Antonio Tajani, e dal Ministro dell\u2019Agricoltura, della Sovranit\u00e0 Alimentare e delle Foreste, Francesco Lollobrigida.<\/p>\n<p>Sar\u00e0 possibile seguire la diretta streaming dell\u2019evento sul canale YouTube della Farnesina:<\/p>\n<p><a href=\"https:\/\/youtube.com\/live\/dBnC7ZiiKrc?feature=share\">https:\/\/youtube.com\/live\/dBnC7ZiiKrc?feature=share<\/a><\/p>\n<p>&nbsp;<\/p>\n","protected":false},"excerpt":{"rendered":"Anche Canton ha dato il via alla IX Settimana della Cucina Italiana nel Mondo, lo scorso 16 novembre, con il Convivio dell\u2019Accademica Italiana della Cucina presso il ristorante italiano \u2018Oggi Trattoria\u2019. La rassegna di quest\u2019anno \u00e8 dedicata al tema \u201cDieta Mediterranea e Cucina delle Radici: Salute e Tradizione\u201d, per promuovere la cultura dell\u2019alimentazione italiana e [&hellip;]","protected":false},"author":8,"featured_media":1862,"comment_status":"closed","ping_status":"closed","sticky":false,"template":"","format":"standard","meta":{"footnotes":""},"tags":[],"class_list":["post-1850","post","type-post","status-publish","format-standard","has-post-thumbnail","hentry"],"_links":{"self":[{"href":"https:\/\/conscanton.esteri.it\/it\/wp-json\/wp\/v2\/posts\/1850","targetHints":{"allow":["GET"]}}],"collection":[{"href":"https:\/\/conscanton.esteri.it\/it\/wp-json\/wp\/v2\/posts"}],"about":[{"href":"https:\/\/conscanton.esteri.it\/it\/wp-json\/wp\/v2\/types\/post"}],"author":[{"embeddable":true,"href":"https:\/\/conscanton.esteri.it\/it\/wp-json\/wp\/v2\/users\/8"}],"replies":[{"embeddable":true,"href":"https:\/\/conscanton.esteri.it\/it\/wp-json\/wp\/v2\/comments?post=1850"}],"version-history":[{"count":2,"href":"https:\/\/conscanton.esteri.it\/it\/wp-json\/wp\/v2\/posts\/1850\/revisions"}],"predecessor-version":[{"id":1860,"href":"https:\/\/conscanton.esteri.it\/it\/wp-json\/wp\/v2\/posts\/1850\/revisions\/1860"}],"wp:featuredmedia":[{"embeddable":true,"href":"https:\/\/conscanton.esteri.it\/it\/wp-json\/wp\/v2\/media\/1862"}],"wp:attachment":[{"href":"https:\/\/conscanton.esteri.it\/it\/wp-json\/wp\/v2\/media?parent=1850"}],"wp:term":[{"taxonomy":"post_tag","embeddable":true,"href":"https:\/\/conscanton.esteri.it\/it\/wp-json\/wp\/v2\/tags?post=1850"}],"curies":[{"name":"wp","href":"https:\/\/api.w.org\/{rel}","templated":true}]}}