{"id":1808,"date":"2024-11-15T04:26:31","date_gmt":"2024-11-15T03:26:31","guid":{"rendered":"https:\/\/conscanton.esteri.it\/?p=1808"},"modified":"2024-11-15T04:35:50","modified_gmt":"2024-11-15T03:35:50","slug":"visita-di-stato-del-presidente-della-repubblica-sergio-mattarella-in-cina","status":"publish","type":"post","link":"https:\/\/conscanton.esteri.it\/it\/news\/dal_consolato\/2024\/11\/visita-di-stato-del-presidente-della-repubblica-sergio-mattarella-in-cina\/","title":{"rendered":"Visita di Stato del Presidente della Repubblica, Sergio Mattarella, in Cina"},"content":{"rendered":"<p style=\"margin: 12.0pt 0cm 12.0pt 0cm;\">Il Presidente della Repubblica, Sergio Mattarella, ha concluso marted\u00ec 12 novembre la sua Visita di Stato nella Repubblica Popolare Cinese. La visita conferma, alla vigilia del 55\u00b0 anniversario delle relazioni diplomatiche con la R.P.C., \u00a0l\u2019intento della Repubblica Italiana di approfondire ulteriormente il rapporto bilaterale.<\/p>\n<p style=\"margin: 12.0pt 0cm 12.0pt 0cm;\">Venerd\u00ec 8 novembre, il Presidente della Repubblica Sergio Mattarella \u00e8 stato ricevuto, al Palazzo dell\u2019Assemblea Nazionale del Popolo, dal Presidente della Repubblica Popolare Cinese, Xi Jinping, con il quale si \u00e8 intrattenuto in colloquio, insieme alle rispettive delegazioni ufficiali. Al termine dell\u2019incontro, i due Presidenti sono intervenuti alla presentazione dei risultati del Forum culturale Italia-Cina e alla firma di intese tra i due Paesi, prima del consueto Pranzo di Stato. In questa occasione, \u00e8 stato sottolineato dal Presidente Mattarella come il ruolo del dialogo interculturale, alla base di una sempre pi\u00f9 profonda conoscenza reciproca, sia fondamentale per creare rapporti solidi e duraturi, non soltanto tra gli Stati, ma anche, e soprattutto, tra i popoli, e come la cultura accresca la dignit\u00e0 delle persone.<\/p>\n<p style=\"margin: 12.0pt 0cm 12.0pt 0cm;\">In mattinata, il Capo dello Stato ha visitato la mostra \u201cViaggio di conoscenze. Il Milione di Marco Polo e la sua eredit\u00e0 fra Oriente e Occidente\u201d, allestita al <i>World Art Museum<\/i> in occasione del settecentenario della scomparsa del celebre viaggiatore e mercante veneziano, e ha incontrato, all\u2019Istituto Italiano di Cultura, il personale dell\u2019Ambasciata e i rappresentanti delle Istituzioni italiane, presenti nella capitale cinese.<\/p>\n<p style=\"margin: 12.0pt 0cm 12.0pt 0cm;\">Il giorno successivo, sabato 9 novembre, il Presidente Mattarella ha incontrato il Primo Ministro, Li Qiang, e il Presidente dell&#8217;Assemblea Nazionale del Popolo, Zhao Leji. Al termine dei colloqui, il Capo dello Stato ha poi deposto una corona al Monumento degli Eroi del Popolo in Piazza Tiananmen e ha incontrato la collettivit\u00e0 italiana. Nel pomeriggio, il Presidente ha tenuto una <i>Lectio Magistralis<\/i> all\u2019Universit\u00e0 di Pechino (<i>Beida<\/i>). Qui, ha sottolineato come \u201ccivilt\u00e0 e cultura costituiscano i pilastri di quella relazione speciale che chiamiamo \u2018amicizia\u2019\u201d. Sul fronte economico-commerciale, ha invece ricordato che \u201cla Cina \u00e8 per l\u2019Italia il primo partner economico in Asia\u201d e che \u201clo spirito costruttivo che ci anima sollecita un rapporto equilibrato che consenta la rimozione delle barriere che ostacolano l\u2019accesso al mercato cinese di prodotti italiani di eccellenza\u201d. Ultimo impegno di sabato 9 novembre la visita alla sede del Segretariato del Forum Filantropico Italia-Cina con la cerimonia di firma di intese per l\u2019inaugurazione della Cattedra di \u201cStudi italiani\u201d dell\u2019Universit\u00e0 di Pechino.<\/p>\n<p style=\"margin: 12.0pt 0cm 12.0pt 0cm;\">Domenica 10, il Presidente Mattarella si \u00e8 trasferito a Hangzhou, dove ha incontrato il personale del Consolato Generale d\u2019Italia e una rappresentanza della collettivit\u00e0 italiana della circoscrizione consolare di Shanghai. Il Presidente Mattarella ha poi visitato in anteprima la Mostra della Biennale di Venezia dal titolo \u201cThe Perfect Path \u2013 Marco Polo\u2019s heaven city\u201d, all\u2019Accademia Cinese di Belle Arti, fondata nel 1928. In seguito, si \u00e8 recato al Conservatorio della Provincia di Zhejiang, uno dei pi\u00f9 grandi campus musicali del mondo, per assistere alla rappresentazione dell\u2019opera lirica \u201cMarco Polo\u201d, eseguita dal Conservatorio Benedetto Marcello di Venezia. Luned\u00ec 11 novembre, il Capo dello Stato ha reso omaggio, presso il Cimitero dei Missionari Cattolici, alla Tomba del gesuita Prospero Intorcetta. Successivamente ha avuto un colloquio con il Segretario Provinciale del Partito Comunista Cinese, Wang Hao, al termine del quale si \u00e8 trasferito a Canton.<\/p>\n<p>A Canton, terza e ultima tappa della Visita di Stato nella Repubblica Popolare Cinese, il Presidente Mattarella ha visitato il Chen Clan Ancestral Hall, l\u2019Accademia Ancestrale dei Chen, che oggi ospita il Museo d\u2019arte popolare del <i>Guangdong<\/i>. Costruita tra il 1888 e il 1894, l\u2019Accademia ospitava originariamente gli studenti appartenenti alle famiglie Chen, provenienti dai distretti della provincia, per la preparazione degli esami imperiali. Dal 1905 l\u2019istituzione venne trasformata in una scuola e successivamente in un Museo.\u00a0Il sito storico \u00e8 rinomato per l\u2019unione di ricche decorazioni, sculture in legno, pietra, ceramica e pitture a colori. In virt\u00f9 della straordinariet\u00e0 delle forme realistiche e delle abilit\u00e0 artigianali tradizionali, l\u2019Accademia \u00e8 oggi riconosciuta come simbolo dell\u2019arte architettonica dello stile \u2018<i>Lingnan\u2019<\/i>. In serata, il Capo di Stato ha assistito alla rappresentazione dell\u2019opera lirica \u201cMarco Polo\u201d presso il Teatro dell\u2019Opera di Canton.<\/p>\n<p style=\"margin: 12.0pt 0cm 12.0pt 0cm;\">Marted\u00ec 12 novembre, ultimo giorno della Visita di Stato, il Presidente Mattarella ha incontrato il personale del Consolato Generale d\u2019Italia ed una rappresentanza del mondo imprenditoriale e della collettivit\u00e0 italiana nella circoscrizione consolare di Canton. Successivamente, ha avuto un colloquio con il Segretario Provinciale del Partito Comunista Cinese, Huang Kunming, presso il Centro Conferenze Internazionali Baiyun, prima della partenza per il rientro a Roma.<\/p>\n","protected":false},"excerpt":{"rendered":"Il Presidente della Repubblica, Sergio Mattarella, ha concluso marted\u00ec 12 novembre la sua Visita di Stato nella Repubblica Popolare Cinese. La visita conferma, alla vigilia del 55\u00b0 anniversario delle relazioni diplomatiche con la R.P.C., \u00a0l\u2019intento della Repubblica Italiana di approfondire ulteriormente il rapporto bilaterale. Venerd\u00ec 8 novembre, il Presidente della Repubblica Sergio Mattarella \u00e8 stato [&hellip;]","protected":false},"author":10,"featured_media":1809,"comment_status":"closed","ping_status":"closed","sticky":false,"template":"","format":"standard","meta":{"footnotes":""},"tags":[],"class_list":["post-1808","post","type-post","status-publish","format-standard","has-post-thumbnail","hentry"],"_links":{"self":[{"href":"https:\/\/conscanton.esteri.it\/it\/wp-json\/wp\/v2\/posts\/1808","targetHints":{"allow":["GET"]}}],"collection":[{"href":"https:\/\/conscanton.esteri.it\/it\/wp-json\/wp\/v2\/posts"}],"about":[{"href":"https:\/\/conscanton.esteri.it\/it\/wp-json\/wp\/v2\/types\/post"}],"author":[{"embeddable":true,"href":"https:\/\/conscanton.esteri.it\/it\/wp-json\/wp\/v2\/users\/10"}],"replies":[{"embeddable":true,"href":"https:\/\/conscanton.esteri.it\/it\/wp-json\/wp\/v2\/comments?post=1808"}],"version-history":[{"count":2,"href":"https:\/\/conscanton.esteri.it\/it\/wp-json\/wp\/v2\/posts\/1808\/revisions"}],"predecessor-version":[{"id":1840,"href":"https:\/\/conscanton.esteri.it\/it\/wp-json\/wp\/v2\/posts\/1808\/revisions\/1840"}],"wp:featuredmedia":[{"embeddable":true,"href":"https:\/\/conscanton.esteri.it\/it\/wp-json\/wp\/v2\/media\/1809"}],"wp:attachment":[{"href":"https:\/\/conscanton.esteri.it\/it\/wp-json\/wp\/v2\/media?parent=1808"}],"wp:term":[{"taxonomy":"post_tag","embeddable":true,"href":"https:\/\/conscanton.esteri.it\/it\/wp-json\/wp\/v2\/tags?post=1808"}],"curies":[{"name":"wp","href":"https:\/\/api.w.org\/{rel}","templated":true}]}}